{"id":4925,"date":"2024-07-23T18:22:22","date_gmt":"2024-07-23T18:22:22","guid":{"rendered":"https:\/\/www.liganavalmardealboran.es\/portal\/?p=4925"},"modified":"2024-07-23T18:25:22","modified_gmt":"2024-07-23T18:25:22","slug":"el-ebury-foster-swiss-de-la-liga-naval-mar-de-alboran-campeon-del-trofeo-tabarca-vela-alicante","status":"publish","type":"post","link":"https:\/\/www.liganavalmardealboran.es\/portal\/2024\/07\/23\/el-ebury-foster-swiss-de-la-liga-naval-mar-de-alboran-campeon-del-trofeo-tabarca-vela-alicante\/","title":{"rendered":"El Ebury &#8211; Foster Swiss, de la Liga Naval Mar de Albor\u00e1n, campe\u00f3n del Trofeo Tabarca Vela Alicante"},"content":{"rendered":"\t\t<div data-elementor-type=\"wp-post\" data-elementor-id=\"4925\" class=\"elementor elementor-4925\">\n\t\t\t\t\t\t\t<div class=\"elementor-element elementor-element-e548901 e-flex e-con-boxed e-con\" data-id=\"e548901\" data-element_type=\"container\" data-settings=\"{&quot;content_width&quot;:&quot;boxed&quot;}\">\n\t\t\t\t\t<div class=\"e-con-inner\">\n\t\t\t\t<div class=\"elementor-element elementor-element-b4a7e9e elementor-widget elementor-widget-heading\" data-id=\"b4a7e9e\" data-element_type=\"widget\" data-widget_type=\"heading.default\">\n\t\t\t\t<div class=\"elementor-widget-container\">\n\t\t\t<style>\/*! elementor - v3.14.0 - 18-06-2023 *\/\n.elementor-heading-title{padding:0;margin:0;line-height:1}.elementor-widget-heading .elementor-heading-title[class*=elementor-size-]>a{color:inherit;font-size:inherit;line-height:inherit}.elementor-widget-heading .elementor-heading-title.elementor-size-small{font-size:15px}.elementor-widget-heading .elementor-heading-title.elementor-size-medium{font-size:19px}.elementor-widget-heading .elementor-heading-title.elementor-size-large{font-size:29px}.elementor-widget-heading .elementor-heading-title.elementor-size-xl{font-size:39px}.elementor-widget-heading .elementor-heading-title.elementor-size-xxl{font-size:59px}<\/style><h2 class=\"elementor-heading-title elementor-size-default\">El Ebury \u2013 Foster Swiss, de la Liga Naval Mar de Albor\u00e1n, campe\u00f3n del Trofeo Tabarca Vela Alicante.<\/h2>\t\t<\/div>\n\t\t\t\t<\/div>\n\t\t\t\t\t<\/div>\n\t\t\t\t<\/div>\n\t\t<div class=\"elementor-element elementor-element-36d8eb2 e-flex e-con-boxed e-con\" data-id=\"36d8eb2\" data-element_type=\"container\" data-settings=\"{&quot;content_width&quot;:&quot;boxed&quot;}\">\n\t\t\t\t\t<div class=\"e-con-inner\">\n\t\t\t\t<div class=\"elementor-element elementor-element-ffc2d14 elementor-widget elementor-widget-text-editor\" data-id=\"ffc2d14\" data-element_type=\"widget\" data-widget_type=\"text-editor.default\">\n\t\t\t\t<div class=\"elementor-widget-container\">\n\t\t\t<style>\/*! elementor - v3.14.0 - 18-06-2023 *\/\n.elementor-widget-text-editor.elementor-drop-cap-view-stacked .elementor-drop-cap{background-color:#69727d;color:#fff}.elementor-widget-text-editor.elementor-drop-cap-view-framed .elementor-drop-cap{color:#69727d;border:3px solid;background-color:transparent}.elementor-widget-text-editor:not(.elementor-drop-cap-view-default) .elementor-drop-cap{margin-top:8px}.elementor-widget-text-editor:not(.elementor-drop-cap-view-default) .elementor-drop-cap-letter{width:1em;height:1em}.elementor-widget-text-editor .elementor-drop-cap{float:left;text-align:center;line-height:1;font-size:50px}.elementor-widget-text-editor .elementor-drop-cap-letter{display:inline-block}<\/style>\t\t\t\t<p align=\"justify\">El barco armado por Javier Sabiote, bajo la gr\u00edmpola de la Liga Naval Mar de Albor\u00e1n, cierra la cita alicantina con dos triunfos parciales en la tercera y \u00faltima jornada sumando un total de 7.5 puntos en ORC 2, por 11,5 el segundo: Proalviento Servicios N\u00e1uticos, y 15 sobre el tercero: Escuela Taboga<\/p><p align=\"justify\">El AC40rc cierra el \u2018Tabarca\u2019 de manera brillante con cinco triunfos parciales sobre seis pruebas completadas y ya tiene las miras puestas en su otro gran objetivo de la temporada: Copa del Rey en Palma<\/p><p align=\"justify\">El Ebury &#8211; Foster Swiss, del armador cartagenero, socio de la Liga Naval Mar de Albor\u00e1n Javier Sabiote, se ha hecho hoy con el 28\u00ba Tabarca Vela Alicante en la clase ORC 2, uno de los principales objetivos del proyecto deportivo liderado por el murciano Julio Bernardeau en esta temporada 2024.<\/p><p><img loading=\"lazy\" decoding=\"async\" class=\"size-large wp-image-4926 alignnone\" src=\"https:\/\/www.liganavalmardealboran.es\/portal\/wp-content\/uploads\/2024\/07\/240719_tabarcavela_l5a0157-1024x683.jpg\" alt=\"\" width=\"800\" height=\"534\" srcset=\"https:\/\/www.liganavalmardealboran.es\/portal\/wp-content\/uploads\/2024\/07\/240719_tabarcavela_l5a0157-1024x683.jpg 1024w, https:\/\/www.liganavalmardealboran.es\/portal\/wp-content\/uploads\/2024\/07\/240719_tabarcavela_l5a0157-300x200.jpg 300w, https:\/\/www.liganavalmardealboran.es\/portal\/wp-content\/uploads\/2024\/07\/240719_tabarcavela_l5a0157-768x512.jpg 768w, https:\/\/www.liganavalmardealboran.es\/portal\/wp-content\/uploads\/2024\/07\/240719_tabarcavela_l5a0157-31x21.jpg 31w, https:\/\/www.liganavalmardealboran.es\/portal\/wp-content\/uploads\/2024\/07\/240719_tabarcavela_l5a0157-600x400.jpg 600w, https:\/\/www.liganavalmardealboran.es\/portal\/wp-content\/uploads\/2024\/07\/240719_tabarcavela_l5a0157.jpg 1200w\" sizes=\"auto, (max-width: 800px) 100vw, 800px\" \/><\/p>28 TabarcaVela Diputaci\u00f3n de Alicante, RCRA 2024<br \/>\u00a9Sailingshots by Mar\u00eda Mui\u00f1a Photography<p>\u00a0<\/p><p align=\"justify\">Y lo ha hecho en un cierre del \u2018Tabarca\u2019 brillante, en una jornada en la que las condiciones de viento han sido ligeramente mejores que en las dos anteriores. Dos pruebas en agenda por parte del comit\u00e9 de regatas en las que el AC40rc de Sabiote se ha mostrado muy conservador y sin incidencias en la primera de ellas, marcando el tempo y liderando las dos ce\u00f1idas y las dos popas de manera clara. Una situaci\u00f3n que ha provocado que tras obtenerse los tiempos compensados lograse el que iba a ser, por el momento, su cuarto triunfo parcial en Alicante.<\/p><p align=\"justify\">En la segunda, con casi los deberes hechos, tampoco quiso arriesgar, aunque en la salida una ligera precipitaci\u00f3n en tiempo propiciaba un fuera de l\u00ednea para el AC40rc, un peque\u00f1o h\u00e1ndicap que ya en barlovento empezaba a darle la vuelta, merced a un gran trabajo del todo el equipo que su sacar velocidad en esa ce\u00f1ida, con decisiones t\u00e1cticas acertadas y maniobras perfectas, como un reloj suizo de precisi\u00f3n. Esa recuperaci\u00f3n se ha notado en los tres siguientes tramos que hizo sumar el quinto triunfo parcial en aguas alicantinas y, con ello, conquistar el 28\u00ba Trofeo Tabarca Vela Alicante en ORC 2.<\/p><p align=\"justify\">El podio, en esta clase ORC 2 y acompa\u00f1ando al Ebury\u00a0 &#8211; Foster Swiss Sailing Team que suma 7,5 puntos, se cierra con el castellonense Proalviento Servicios N\u00e1uticos (RCN Castell\u00f3n) que finaliza su participaci\u00f3n con 11,5 puntos, tiene un triunfo parcial, y bronce para el gaditano Escuela Taboga que obtiene un total de 15 puntos.<\/p><p align=\"justify\">Tras las citas en el RCN de Valencia, en el marco del Trofeo SM La Reina a principios del mes de julio con un quinto puesto, y ahora en el Tabarca Vela Alicante en el RCR de Alicante, con un triunfo, el AC40rc tiene las miras en la Copa del Rey Mapfre en la bah\u00eda de Palma que arranca en breve, la primera semana de agosto, y a la que llega con estos dos buenos resultados con el m\u00e1ximo optimismo de poder hacer un buen resultado en la clase ORC 2, teniendo en cuenta los barcos inscritos en la cita palmesana, rivales directos con los que ya se ha visto las caras tanto en Valencia como en Alicante.<\/p><p align=\"justify\"><img loading=\"lazy\" decoding=\"async\" class=\"size-full wp-image-4927 aligncenter\" src=\"https:\/\/www.liganavalmardealboran.es\/portal\/wp-content\/uploads\/2024\/07\/fandango-campeones-tabarca.jpg\" alt=\"\" width=\"640\" height=\"427\" srcset=\"https:\/\/www.liganavalmardealboran.es\/portal\/wp-content\/uploads\/2024\/07\/fandango-campeones-tabarca.jpg 640w, https:\/\/www.liganavalmardealboran.es\/portal\/wp-content\/uploads\/2024\/07\/fandango-campeones-tabarca-300x200.jpg 300w, https:\/\/www.liganavalmardealboran.es\/portal\/wp-content\/uploads\/2024\/07\/fandango-campeones-tabarca-31x21.jpg 31w, https:\/\/www.liganavalmardealboran.es\/portal\/wp-content\/uploads\/2024\/07\/fandango-campeones-tabarca-600x400.jpg 600w\" sizes=\"auto, (max-width: 640px) 100vw, 640px\" \/><\/p><p align=\"justify\">DECLARACIONES:<\/p><p align=\"justify\">Javier Sabiote | ARMADOR \u2013 PIANO\u00a0 EBURY &#8211; FOSTER SWISS<\/p><p align=\"justify\">\u201cEl Tabarca Vela estaba en nuestro calendario como uno de los principales objetivos del Ebury Sailing Team. Ha sido un fin de semana muy completo y una trabajada victoria que nos da mucha moral para la Copa del Rey.<\/p><p align=\"justify\">\u201cEstoy muy contento del trabajo de todo el equipo en Alicante, el comportamiento del barco tras la mejoras de estos d\u00edas, merced al buen trabajo del equipo de tierra, hemos competido con humildad y con una tripulaci\u00f3n que lo ha dado todo, no puedo m\u00e1s que darles las gracias por el esfuerzo el trabajo hecho\u201d.<\/p><p align=\"justify\">Julio Bernardeau | PATR\u00d3N \u2013 DIRECTOR PROYECTO DEPORTIVO EBURY &#8211; FOSTER SWISS<\/p><p align=\"justify\">\u201cCerramos la segunda de las tres citas en nuestro proyecto deportivo y lo hacemos con un triunfo muy importante para todos, nos da un plus de energ\u00eda alta de cara a la Copa del Rey, que no va a ser nada f\u00e1cil, pero lo vamos a intentar, vamos a buscar estar en el podio\u201d<\/p><p align=\"justify\">\u201cEn cuanto a esta tercera jornada, con dos pruebas previstas, muy buen en la primera de ellas en las que nos hemos mostrado conservadores, sin incidencias y mandando de principio a fin. En la segunda tuvimos un fuera de l\u00ednea, nos penalizamos y conseguimos colocarnos, al primer paso de barlovento, cerca del grupo de cabeza tras un trabajo muy bueno del equipo y el barco, que demostr\u00f3 tener mucha velocidad. Despu\u00e9s ya fue recuperar, recuperar y recuperar tiempo hasta sumar un nuevo triunfo parcial y con ello ganar el Tabarca\u201d<\/p>\t\t\t\t\t\t<\/div>\n\t\t\t\t<\/div>\n\t\t\t\t\t<\/div>\n\t\t\t\t<\/div>\n\t\t<div class=\"elementor-element elementor-element-1bc058c e-flex e-con-boxed e-con\" data-id=\"1bc058c\" data-element_type=\"container\" data-settings=\"{&quot;content_width&quot;:&quot;boxed&quot;}\">\n\t\t\t\t\t<div class=\"e-con-inner\">\n\t\t\t\t<div class=\"elementor-element elementor-element-0259eaf elementor-share-buttons--align-center elementor-share-buttons--view-icon-text elementor-share-buttons--skin-gradient elementor-share-buttons--shape-square elementor-grid-0 elementor-share-buttons--color-official elementor-widget elementor-widget-share-buttons\" data-id=\"0259eaf\" data-element_type=\"widget\" data-widget_type=\"share-buttons.default\">\n\t\t\t\t<div class=\"elementor-widget-container\">\n\t\t\t<link rel=\"stylesheet\" href=\"https:\/\/www.liganavalmardealboran.es\/portal\/wp-content\/plugins\/elementor-pro\/assets\/css\/widget-share-buttons.min.css\">\t\t<div class=\"elementor-grid\">\n\t\t\t\t\t\t\t\t<div class=\"elementor-grid-item\">\n\t\t\t\t\t\t<div class=\"elementor-share-btn elementor-share-btn_facebook\" tabindex=\"0\" aria-label=\"Compartir en facebook\">\n\t\t\t\t\t\t\t\t\t\t\t\t\t\t\t<span class=\"elementor-share-btn__icon\">\n\t\t\t\t\t\t\t\t<i class=\"fab fa-facebook\" aria-hidden=\"true\"><\/i>\t\t\t\t\t\t\t<\/span>\n\t\t\t\t\t\t\t\t\t\t\t\t\t\t\t\t\t\t\t\t\t\t<div class=\"elementor-share-btn__text\">\n\t\t\t\t\t\t\t\t\t\t\t\t\t\t\t\t\t\t\t<span class=\"elementor-share-btn__title\">\n\t\t\t\t\t\t\t\t\t\tFacebook\t\t\t\t\t\t\t\t\t<\/span>\n\t\t\t\t\t\t\t\t\t\t\t\t\t\t\t\t\t<\/div>\n\t\t\t\t\t\t\t\t\t\t\t\t\t<\/div>\n\t\t\t\t\t<\/div>\n\t\t\t\t\t\t\t\t\t<div class=\"elementor-grid-item\">\n\t\t\t\t\t\t<div class=\"elementor-share-btn elementor-share-btn_twitter\" tabindex=\"0\" aria-label=\"Compartir en twitter\">\n\t\t\t\t\t\t\t\t\t\t\t\t\t\t\t<span class=\"elementor-share-btn__icon\">\n\t\t\t\t\t\t\t\t<i class=\"fab fa-twitter\" aria-hidden=\"true\"><\/i>\t\t\t\t\t\t\t<\/span>\n\t\t\t\t\t\t\t\t\t\t\t\t\t\t\t\t\t\t\t\t\t\t<div class=\"elementor-share-btn__text\">\n\t\t\t\t\t\t\t\t\t\t\t\t\t\t\t\t\t\t\t<span class=\"elementor-share-btn__title\">\n\t\t\t\t\t\t\t\t\t\tTwitter\t\t\t\t\t\t\t\t\t<\/span>\n\t\t\t\t\t\t\t\t\t\t\t\t\t\t\t\t\t<\/div>\n\t\t\t\t\t\t\t\t\t\t\t\t\t<\/div>\n\t\t\t\t\t<\/div>\n\t\t\t\t\t\t\t\t\t<div class=\"elementor-grid-item\">\n\t\t\t\t\t\t<div class=\"elementor-share-btn elementor-share-btn_linkedin\" tabindex=\"0\" aria-label=\"Compartir en linkedin\">\n\t\t\t\t\t\t\t\t\t\t\t\t\t\t\t<span class=\"elementor-share-btn__icon\">\n\t\t\t\t\t\t\t\t<i class=\"fab fa-linkedin\" aria-hidden=\"true\"><\/i>\t\t\t\t\t\t\t<\/span>\n\t\t\t\t\t\t\t\t\t\t\t\t\t\t\t\t\t\t\t\t\t\t<div class=\"elementor-share-btn__text\">\n\t\t\t\t\t\t\t\t\t\t\t\t\t\t\t\t\t\t\t<span class=\"elementor-share-btn__title\">\n\t\t\t\t\t\t\t\t\t\tLinkedIn\t\t\t\t\t\t\t\t\t<\/span>\n\t\t\t\t\t\t\t\t\t\t\t\t\t\t\t\t\t<\/div>\n\t\t\t\t\t\t\t\t\t\t\t\t\t<\/div>\n\t\t\t\t\t<\/div>\n\t\t\t\t\t\t\t\t\t<div class=\"elementor-grid-item\">\n\t\t\t\t\t\t<div class=\"elementor-share-btn elementor-share-btn_whatsapp\" tabindex=\"0\" aria-label=\"Compartir en whatsapp\">\n\t\t\t\t\t\t\t\t\t\t\t\t\t\t\t<span class=\"elementor-share-btn__icon\">\n\t\t\t\t\t\t\t\t<i class=\"fab fa-whatsapp\" aria-hidden=\"true\"><\/i>\t\t\t\t\t\t\t<\/span>\n\t\t\t\t\t\t\t\t\t\t\t\t\t\t\t\t\t\t\t\t\t\t<div class=\"elementor-share-btn__text\">\n\t\t\t\t\t\t\t\t\t\t\t\t\t\t\t\t\t\t\t<span class=\"elementor-share-btn__title\">\n\t\t\t\t\t\t\t\t\t\tWhatsApp\t\t\t\t\t\t\t\t\t<\/span>\n\t\t\t\t\t\t\t\t\t\t\t\t\t\t\t\t\t<\/div>\n\t\t\t\t\t\t\t\t\t\t\t\t\t<\/div>\n\t\t\t\t\t<\/div>\n\t\t\t\t\t\t<\/div>\n\t\t\t\t<\/div>\n\t\t\t\t<\/div>\n\t\t\t\t\t<\/div>\n\t\t\t\t<\/div>\n\t\t\t\t\t\t\t<\/div>\n\t\t","protected":false},"excerpt":{"rendered":"<p>El Ebury \u2013 Foster Swiss, de la Liga Naval Mar de Albor\u00e1n, campe\u00f3n del Trofeo Tabarca Vela Alicante. El barco armado por Javier Sabiote, bajo la gr\u00edmpola de la Liga Naval Mar de Albor\u00e1n, cierra la cita alicantina con dos triunfos parciales en la tercera y \u00faltima jornada sumando un total de 7.5 puntos en [&hellip;]<\/p>\n","protected":false},"author":1,"featured_media":4927,"comment_status":"open","ping_status":"open","sticky":false,"template":"","format":"standard","meta":{"footnotes":""},"categories":[1],"tags":[],"location-tag":[],"class_list":["post-4925","post","type-post","status-publish","format-standard","has-post-thumbnail","hentry","category-uncategorized"],"acf":[],"_links":{"self":[{"href":"https:\/\/www.liganavalmardealboran.es\/portal\/wp-json\/wp\/v2\/posts\/4925","targetHints":{"allow":["GET"]}}],"collection":[{"href":"https:\/\/www.liganavalmardealboran.es\/portal\/wp-json\/wp\/v2\/posts"}],"about":[{"href":"https:\/\/www.liganavalmardealboran.es\/portal\/wp-json\/wp\/v2\/types\/post"}],"author":[{"embeddable":true,"href":"https:\/\/www.liganavalmardealboran.es\/portal\/wp-json\/wp\/v2\/users\/1"}],"replies":[{"embeddable":true,"href":"https:\/\/www.liganavalmardealboran.es\/portal\/wp-json\/wp\/v2\/comments?post=4925"}],"version-history":[{"count":3,"href":"https:\/\/www.liganavalmardealboran.es\/portal\/wp-json\/wp\/v2\/posts\/4925\/revisions"}],"predecessor-version":[{"id":4930,"href":"https:\/\/www.liganavalmardealboran.es\/portal\/wp-json\/wp\/v2\/posts\/4925\/revisions\/4930"}],"wp:featuredmedia":[{"embeddable":true,"href":"https:\/\/www.liganavalmardealboran.es\/portal\/wp-json\/wp\/v2\/media\/4927"}],"wp:attachment":[{"href":"https:\/\/www.liganavalmardealboran.es\/portal\/wp-json\/wp\/v2\/media?parent=4925"}],"wp:term":[{"taxonomy":"category","embeddable":true,"href":"https:\/\/www.liganavalmardealboran.es\/portal\/wp-json\/wp\/v2\/categories?post=4925"},{"taxonomy":"post_tag","embeddable":true,"href":"https:\/\/www.liganavalmardealboran.es\/portal\/wp-json\/wp\/v2\/tags?post=4925"},{"taxonomy":"location-tag","embeddable":true,"href":"https:\/\/www.liganavalmardealboran.es\/portal\/wp-json\/wp\/v2\/location-tag?post=4925"}],"curies":[{"name":"wp","href":"https:\/\/api.w.org\/{rel}","templated":true}]}}